{"id":1197,"date":"2014-12-19T22:06:46","date_gmt":"2014-12-19T21:06:46","guid":{"rendered":"http:\/\/blog.beastybabe.de\/?p=1197"},"modified":"2014-12-19T22:06:46","modified_gmt":"2014-12-19T21:06:46","slug":"moerderkind-von-inge-loehnig-meine-rezension","status":"publish","type":"post","link":"https:\/\/blog.beastybabe.de\/?p=1197","title":{"rendered":"<strong>M\u00f6rderkind<\/strong> von Inge L\u00f6hnig &#8211; Meine Rezension &#8230;"},"content":{"rendered":"<p><a href=\"http:\/\/www.amazon.de\/gp\/product\/3548612261\/ref=as_li_tl?ie=UTF8&#038;camp=1638&#038;creative=6742&#038;creativeASIN=3548612261&#038;linkCode=as2&#038;tag=beastybueche-21&#038;linkId=SADHXXYRJW265J53\"><img decoding=\"async\" border=\"0\" src=\"http:\/\/ws-eu.amazon-adsystem.com\/widgets\/q?_encoding=UTF8&#038;ASIN=3548612261&#038;Format=_SL250_&#038;ID=AsinImage&#038;MarketPlace=DE&#038;ServiceVersion=20070822&#038;WS=1&#038;tag=beastybueche-21\" ><\/a><img loading=\"lazy\" decoding=\"async\" src=\"http:\/\/ir-de.amazon-adsystem.com\/e\/ir?t=beastybueche-21&#038;l=as2&#038;o=3&#038;a=3548612261\" width=\"1\" height=\"1\" border=\"0\" alt=\"\" style=\"border:none !important; margin:0px !important;\" \/><\/p>\n<p>Verlag: <a href=\"http:\/\/www.ullsteinbuchverlage.de\/nc\/buch\/details\/moerderkind-9783548612263.html\" target=\"_blank\">List Taschenbuch <\/a>(5. Dezember 2014)<br \/>\nKriminalroman<br \/>\nTaschenbuch<br \/>\nBroschur<br \/>\n464 Seiten<br \/>\nISBN-13 9783548612263<\/p>\n<p><strong>\u00dcber die Autorin:<\/strong><br \/>\nInge L\u00f6hnig studierte an der renommierten M\u00fcnchner Akademie U5 Grafik-Design. Nach einer Karriere als Art-Directorin in verschiedenen Werbeagenturen machte sie sich mit einem Designstudio selbstst\u00e4ndig. Heute lebt sie als Autorin mit ihrer Familie und einem betagten Kater in der N\u00e4he von M\u00fcnchen.<br \/>\nZur <a href=\"http:\/\/www.ullsteinbuchverlage.de\/nc\/autor\/name\/Inge-L%C3%B6hnig.html\" target=\"_blank\">Autorenseite<\/a> bei Ullstein oder informiert euch auf <a href=\"http:\/\/www.inge-loehnig.de\/Inge_Loehnig\/Home.html\" target=\"_blank\">www.inge-loehnig.de<\/a><\/p>\n<p><strong>Der Buchr\u00fcckentext:<\/strong><br \/>\nSie liefen ihr nach und schrien: \u00bbM\u00f6rderkind, M\u00f6rderkind!\u00ab<\/p>\n<p>Ihr Leben lang war sie f\u00fcr alle nur das M\u00f6rderkind. Fionas Kindheit war ein Alptraum. Und nun ist ihr Vater tot. Seine letzten Worte galten ihr: \u00bbIch bin kein M\u00f6rder.\u00ab Widerstrebend macht sie sich auf die Suche nach der Wahrheit. Beginnt nachzuforschen, befragt ihre Familie. Und st\u00f6\u00dft auf ungeheuerliche Geheimnisse und eine Intrige, deren t\u00f6dliches Gift bis heute wirkt \u2026<\/p>\n<p><strong>Die Geschichte:<\/strong><br \/>\nFionas heile Welt fand vor etwa 19 Jahren ein j\u00e4hes Ende: sie war erst sieben Jahre alt als ihr Vater Ben wegen Mordes verhaftet und verurteilt wird. Ihre Familie zerbricht an diesem Schicksalsschlag. Obwohl ihr Vater immer seine Unschuld beteuert, muss er eine Strafe von 15 Jahren verb\u00fc\u00dfen und Fiona und er finden nie mehr zueinander.<br \/>\nDann steht eines Tages ein Unbekannter vor ihrer Wohnung: er berichtet vom Tod ihres Vaters und dessen letzten Worten. Ben hat den Rettungssanit\u00e4ter Mats gebeten, Fiona zu finden und ihr auszurichten, dass er kein M\u00f6rder war.<br \/>\nZun\u00e4chst will sie nichts davon wissen, doch so langsam kommen Zweifel auf und mit der Hilfe ihres neuen Freundes macht sie sich auf die Suche nach der Wahrheit. Es kommt Unglaubliches zu Tage und es wird gef\u00e4hrlich f\u00fcr die beiden &#8222;Hobbyermittler&#8220;.<\/p>\n<p><strong>Meine Meinung:<\/strong><\/p>\n<p>Zun\u00e4chst zu den Charakteren: diese wirken lebendig und gr\u00f6\u00dftenteils glaubw\u00fcrdig. Nur mit Fionas Verhalten hatte ich manchmal ein paar Problemchen. Sie ist eine sehr zwiesp\u00e4ltige Person und handelt nicht immer sehr logisch und nachvollziehbar. Mats dagegen ist ein sympathischer Kerl, der einen guten Gegenpart zu Fiona bildet.<\/p>\n<p>Der Schreibstil von Inge L\u00f6hnig ist wunderbar zu lesen, es kommt nie zu L\u00e4ngen. In der ersten H\u00e4lfte des Buches hat mich jedoch der sehr h\u00e4ufige Gebrauch der beiden &#8222;sch\u00f6nen&#8220; W\u00f6rter &#8222;fi*ken&#8220; und &#8222;bu*sen&#8220; allm\u00e4hlich gest\u00f6rt. Auch ein paar kleinere Unstimmigkeiten in Bezug auf die Logik sind mir aufgefallen, aber man kann durchaus dr\u00fcber hinweglesen.<\/p>\n<p>Eigentlich w\u00fcrde ich dieses Buch nicht als &#8222;Kriminalroman&#8220; einstufen, es hat viel mehr mit einem Thriller zu tun. Und die Story enth\u00e4lt extrem viele psychologische Hintergr\u00fcnde: es geht um Rache, Schuldgef\u00fchle, alte Wunden und Intrigen.<br \/>\nDie Hauptfigur Fiona ist eigentlich ein Fall f\u00fcr den Psychiater: sie hat durch ihre schlimme Kindheit, in der sie als &#8222;M\u00f6rderkind&#8220; gebrandmarkt war, sehr viele Probleme im Leben. Ihre Gef\u00fchle bilden einen wesentlichen Teil des Buches.<\/p>\n<p>Die Geschichte ist gut durchdacht und wartet mit einigen \u00fcberraschenden Wendungen auf. So richtige Hochspannung habe ich beim Lesen zwar nicht empfunden, aber fesselnd war es auf jeden Fall. Auch das Ende fand ich schl\u00fcssig und es hat mir gefallen.<\/p>\n<p><strong>Fazit:<\/strong><br \/>\nGut zu lesen und durchaus fesselnd &#8211; mit einem hohen Anteil an psychisch gesch\u00e4digten Charakteren.<\/p>\n<p><strong>Bewertung:<\/strong><br \/>\n<a href=\"https:\/\/blog.beastybabe.de\/wp-content\/uploads\/2014\/03\/4pfoten.jpg\"><img loading=\"lazy\" decoding=\"async\" src=\"https:\/\/blog.beastybabe.de\/wp-content\/uploads\/2014\/03\/4pfoten-300x45.jpg\" alt=\"4pfoten\" width=\"300\" height=\"45\" class=\"alignnone size-medium wp-image-695\" srcset=\"https:\/\/blog.beastybabe.de\/wp-content\/uploads\/2014\/03\/4pfoten-300x45.jpg 300w, https:\/\/blog.beastybabe.de\/wp-content\/uploads\/2014\/03\/4pfoten-624x95.jpg 624w, https:\/\/blog.beastybabe.de\/wp-content\/uploads\/2014\/03\/4pfoten.jpg 709w\" sizes=\"auto, (max-width: 300px) 100vw, 300px\" \/><\/a><\/p>\n","protected":false},"excerpt":{"rendered":"<p>Verlag: List Taschenbuch (5. Dezember 2014) Kriminalroman Taschenbuch Broschur 464 Seiten ISBN-13 9783548612263 \u00dcber die Autorin: Inge L\u00f6hnig studierte an der renommierten M\u00fcnchner Akademie U5 Grafik-Design. Nach einer Karriere als Art-Directorin in verschiedenen Werbeagenturen machte sie sich mit einem Designstudio &hellip; <a href=\"https:\/\/blog.beastybabe.de\/?p=1197\">Weiterlesen <span class=\"meta-nav\">&rarr;<\/span><\/a><\/p>\n","protected":false},"author":1,"featured_media":0,"comment_status":"open","ping_status":"open","sticky":false,"template":"","format":"standard","meta":{"footnotes":""},"categories":[3],"tags":[],"class_list":["post-1197","post","type-post","status-publish","format-standard","hentry","category-rezensionen"],"_links":{"self":[{"href":"https:\/\/blog.beastybabe.de\/index.php?rest_route=\/wp\/v2\/posts\/1197","targetHints":{"allow":["GET"]}}],"collection":[{"href":"https:\/\/blog.beastybabe.de\/index.php?rest_route=\/wp\/v2\/posts"}],"about":[{"href":"https:\/\/blog.beastybabe.de\/index.php?rest_route=\/wp\/v2\/types\/post"}],"author":[{"embeddable":true,"href":"https:\/\/blog.beastybabe.de\/index.php?rest_route=\/wp\/v2\/users\/1"}],"replies":[{"embeddable":true,"href":"https:\/\/blog.beastybabe.de\/index.php?rest_route=%2Fwp%2Fv2%2Fcomments&post=1197"}],"version-history":[{"count":2,"href":"https:\/\/blog.beastybabe.de\/index.php?rest_route=\/wp\/v2\/posts\/1197\/revisions"}],"predecessor-version":[{"id":1199,"href":"https:\/\/blog.beastybabe.de\/index.php?rest_route=\/wp\/v2\/posts\/1197\/revisions\/1199"}],"wp:attachment":[{"href":"https:\/\/blog.beastybabe.de\/index.php?rest_route=%2Fwp%2Fv2%2Fmedia&parent=1197"}],"wp:term":[{"taxonomy":"category","embeddable":true,"href":"https:\/\/blog.beastybabe.de\/index.php?rest_route=%2Fwp%2Fv2%2Fcategories&post=1197"},{"taxonomy":"post_tag","embeddable":true,"href":"https:\/\/blog.beastybabe.de\/index.php?rest_route=%2Fwp%2Fv2%2Ftags&post=1197"}],"curies":[{"name":"wp","href":"https:\/\/api.w.org\/{rel}","templated":true}]}}