{"id":1451,"date":"2015-02-14T22:02:48","date_gmt":"2015-02-14T21:02:48","guid":{"rendered":"http:\/\/blog.beastybabe.de\/?p=1451"},"modified":"2015-02-14T22:09:37","modified_gmt":"2015-02-14T21:09:37","slug":"sei-ganz-still-von-sebastian-thiel-meine-rezension","status":"publish","type":"post","link":"https:\/\/blog.beastybabe.de\/?p=1451","title":{"rendered":"<strong>Sei ganz still<\/strong> von Sebastian Thiel &#8211; Meine Rezension &#8230;"},"content":{"rendered":"<p><a href=\"http:\/\/www.amazon.de\/gp\/product\/3839217016\/ref=as_li_tl?ie=UTF8&#038;camp=1638&#038;creative=6742&#038;creativeASIN=3839217016&#038;linkCode=as2&#038;tag=beastybueche-21&#038;linkId=FWHLTPEG7VGUUCGZ\"><img decoding=\"async\" border=\"0\" src=\"http:\/\/ws-eu.amazon-adsystem.com\/widgets\/q?_encoding=UTF8&#038;ASIN=3839217016&#038;Format=_SL250_&#038;ID=AsinImage&#038;MarketPlace=DE&#038;ServiceVersion=20070822&#038;WS=1&#038;tag=beastybueche-21\" ><\/a><img loading=\"lazy\" decoding=\"async\" src=\"http:\/\/ir-de.amazon-adsystem.com\/e\/ir?t=beastybueche-21&#038;l=as2&#038;o=3&#038;a=3839217016\" width=\"1\" height=\"1\" border=\"0\" alt=\"\" style=\"border:none !important; margin:0px !important;\" \/><\/p>\n<p>Broschiert: 277 Seiten<br \/>\nVerlag: <a href=\"http:\/\/www.gmeiner-verlag.de\/programm\/titel\/1100-sei-ganz-still.html\" target=\"_blank\">Gmeiner Verlag<\/a> (4. Februar 2015)<br \/>\nSprache: Deutsch<br \/>\nISBN-10: 3839217016<br \/>\nISBN-13: 978-3839217016<\/p>\n<p><strong>\u00dcber den Autor:<\/strong><br \/>\nSebastian Thiel, geboren 1983 in Viersen, lebt und arbeitet als freier Autor in T\u00f6nisvorst am Niederrhein. Nach einer Ausbildung zum Fachinformatiker arbeitete er als IT-Manager in einem mittelst\u00e4ndischen Dienstleistungsunternehmen, bevor er sich ganz dem Schreiben widmete.<br \/>\nMehr auf <a href=\"http:\/\/www.sebastianthiel.net\/\" target=\"_blank\">www.sebastianthiel.net<\/a> oder auf der <a href=\"http:\/\/www.gmeiner-verlag.de\/autoren\/autor\/213-sebastian-thiel.html\" target=\"_blank\">Autorenseite<\/a> bei Gmeiner <\/p>\n<p><strong>Der Buchr\u00fcckentext:<\/strong><br \/>\nDie Jagd beginnt!<br \/>\nIm Sommer des Jahres 1938 brodelt die Stimmung im Deutschen Reich. Hitler verlangt nach mehr Lebensraum im Osten, das Volk stimmt blind vor Euphorie ein. Nur der Schl\u00e4ger, Trinker und Polizist Friedrich Wolf bekommt von alldem nichts mit.<br \/>\nEingesperrt im Strafgefangenenlager schuftet er unter schlimmsten Bedingungen, bis ein mysteri\u00f6ser SS-Arzt ihn herausholt und ihn beauftragt, ein ganz bestimmtes M\u00e4dchen in der D\u00fcsseldorfer Unterwelt ausfindig zu machen. Eine Jagd beginnt, die Wolf an seine Grenzen bringt. Und bald schon wird aus dem J\u00e4ger ein Gejagter &#8230;<\/p>\n<p><strong>Die Geschichte:<\/strong><br \/>\nFriedrich Wolf war eigentlich Polizist, doch seine Ermittlungs- und Verh\u00f6rmethoden fanden keine Zustimmung bei seinen Vorgesetzten und so landete er schlie\u00dflich selbst als Krimineller in einem Strafgefangenenlager. Nach einem besonders harten Tag mit vielen Misshandlungen taucht pl\u00f6tzlich ein SS-Arzt auf und Wolf darf das Lager mit ihm verlassen. Zun\u00e4chst glaubt Friedrich noch an eine Falle, doch an einem offenen Grab in seiner Heimatstadt D\u00fcsseldorf erf\u00e4hrt er schlie\u00dflich die Hintergr\u00fcnde seiner wundersamen Befreiung: er soll die Verlobte des SS-Arztes ausfindig machen, die eigentlich tot dort im Sarg liegen sollte.<br \/>\nEine Jagd beginnt, die gepr\u00e4gt ist von Gewalt und Verrat, aber auch von Hoffnung, Liebe und Freundschaft.<\/p>\n<p><strong>Meine Meinung:<\/strong><br \/>\nDies ist nicht das erste Buch, das ich von Sebastian Thiel gelesen habe &#8211; und sicher auch nicht das letzte. Er schreibt einfach toll: man f\u00fchlt sich sofort mitten im Geschehen, kann die lebendig geschilderten Situationen bestens nachvollziehen und fiebert mit den Protagonisten. Er schafft in diesem Krimi eine so d\u00fcstere, spannende Atmosph\u00e4re, der man sich nicht entziehen kann. Ich konnte das Buch kaum noch aus der Hand legen.<\/p>\n<p>Die Hauptfigur Friedrich Wolf ist ein vielschichtiger Charakter, dessen harte und weiche Seite sehr gut verdeutlicht werden. Er schreckt vor Gewalt nicht zur\u00fcck und erf\u00e4hrt sie auch immer wieder am eigenen Leib. Trotzdem hat er ein ausgepr\u00e4gtes Gerechtigkeitsempfinden und ist insgesamt einfach ein sympathischer Kerl.<\/p>\n<p>Von der Story war ich wirklich begeistert. Allein der erschreckend reale Hintergrund (die Vernichtung &#8222;unwerten Lebens&#8220; in der NS-Zeit) verursacht G\u00e4nsehaut und beschleunigt den Puls. Die Gr\u00e4uel dieser Zeit ergeben zusammen mit der gut durchdachten Geschichte einen wirklich spannenden, fesselnden Krimi, bei dem auch einiges an Blut flie\u00dft.<\/p>\n<p>Das Ende bleibt in einigen Punkten etwas offen, was auf eine baldige Fortsetzung hoffen l\u00e4sst. Der Fall selbst ist aber abgeschlossen und den Schluss fand ich auch sehr gelungen.<\/p>\n<p><strong>Fazit:<\/strong><br \/>\nEin sehr spannendes Buch mit einem erschreckend realen Hintergrund. Der &#8222;b\u00f6se Wolf&#8220; muss unbedingt seine eigene Buchreihe bekommen! Bitte mehr davon!<\/p>\n<p><strong>Bewertung:<\/strong><br \/>\n<a href=\"https:\/\/blog.beastybabe.de\/wp-content\/uploads\/2014\/07\/5pfoten.jpg\"><img loading=\"lazy\" decoding=\"async\" src=\"https:\/\/blog.beastybabe.de\/wp-content\/uploads\/2014\/07\/5pfoten-300x45.jpg\" alt=\"5pfoten\" width=\"300\" height=\"45\" class=\"alignnone size-medium wp-image-690\" srcset=\"https:\/\/blog.beastybabe.de\/wp-content\/uploads\/2014\/07\/5pfoten-300x45.jpg 300w, https:\/\/blog.beastybabe.de\/wp-content\/uploads\/2014\/07\/5pfoten-624x95.jpg 624w, https:\/\/blog.beastybabe.de\/wp-content\/uploads\/2014\/07\/5pfoten.jpg 709w\" sizes=\"auto, (max-width: 300px) 100vw, 300px\" \/><\/a><\/p>\n<p>Bei <a href=\"http:\/\/www.daggis-welt.de\/18442\/daggis-buch-challenge-2015\/\" target=\"_blank\">Daggis Buch-Challenge<\/a> hake ich hiermit Punkt 15 ab.<\/p>\n","protected":false},"excerpt":{"rendered":"<p>Broschiert: 277 Seiten Verlag: Gmeiner Verlag (4. Februar 2015) Sprache: Deutsch ISBN-10: 3839217016 ISBN-13: 978-3839217016 \u00dcber den Autor: Sebastian Thiel, geboren 1983 in Viersen, lebt und arbeitet als freier Autor in T\u00f6nisvorst am Niederrhein. Nach einer Ausbildung zum Fachinformatiker arbeitete &hellip; <a href=\"https:\/\/blog.beastybabe.de\/?p=1451\">Weiterlesen <span class=\"meta-nav\">&rarr;<\/span><\/a><\/p>\n","protected":false},"author":1,"featured_media":0,"comment_status":"open","ping_status":"open","sticky":false,"template":"","format":"standard","meta":{"footnotes":""},"categories":[3],"tags":[],"class_list":["post-1451","post","type-post","status-publish","format-standard","hentry","category-rezensionen"],"_links":{"self":[{"href":"https:\/\/blog.beastybabe.de\/index.php?rest_route=\/wp\/v2\/posts\/1451","targetHints":{"allow":["GET"]}}],"collection":[{"href":"https:\/\/blog.beastybabe.de\/index.php?rest_route=\/wp\/v2\/posts"}],"about":[{"href":"https:\/\/blog.beastybabe.de\/index.php?rest_route=\/wp\/v2\/types\/post"}],"author":[{"embeddable":true,"href":"https:\/\/blog.beastybabe.de\/index.php?rest_route=\/wp\/v2\/users\/1"}],"replies":[{"embeddable":true,"href":"https:\/\/blog.beastybabe.de\/index.php?rest_route=%2Fwp%2Fv2%2Fcomments&post=1451"}],"version-history":[{"count":5,"href":"https:\/\/blog.beastybabe.de\/index.php?rest_route=\/wp\/v2\/posts\/1451\/revisions"}],"predecessor-version":[{"id":1456,"href":"https:\/\/blog.beastybabe.de\/index.php?rest_route=\/wp\/v2\/posts\/1451\/revisions\/1456"}],"wp:attachment":[{"href":"https:\/\/blog.beastybabe.de\/index.php?rest_route=%2Fwp%2Fv2%2Fmedia&parent=1451"}],"wp:term":[{"taxonomy":"category","embeddable":true,"href":"https:\/\/blog.beastybabe.de\/index.php?rest_route=%2Fwp%2Fv2%2Fcategories&post=1451"},{"taxonomy":"post_tag","embeddable":true,"href":"https:\/\/blog.beastybabe.de\/index.php?rest_route=%2Fwp%2Fv2%2Ftags&post=1451"}],"curies":[{"name":"wp","href":"https:\/\/api.w.org\/{rel}","templated":true}]}}