{"id":1640,"date":"2015-03-31T13:50:20","date_gmt":"2015-03-31T12:50:20","guid":{"rendered":"http:\/\/blog.beastybabe.de\/?p=1640"},"modified":"2015-03-31T13:55:20","modified_gmt":"2015-03-31T12:55:20","slug":"roter-lavendel-von-ralf-nestmeyer-meine-rezension","status":"publish","type":"post","link":"https:\/\/blog.beastybabe.de\/?p=1640","title":{"rendered":"<strong>Roter Lavendel<\/strong> von Ralf Nestmeyer &#8211; Meine Rezension &#8230;"},"content":{"rendered":"<p><a href=\"http:\/\/www.amazon.de\/gp\/product\/3954515334\/ref=as_li_tl?ie=UTF8&#038;camp=1638&#038;creative=6742&#038;creativeASIN=3954515334&#038;linkCode=as2&#038;tag=beastybueche-21&#038;linkId=ELXD2VS2SUJ3VEP5\"><img decoding=\"async\" border=\"0\" src=\"http:\/\/ws-eu.amazon-adsystem.com\/widgets\/q?_encoding=UTF8&#038;ASIN=3954515334&#038;Format=_SL250_&#038;ID=AsinImage&#038;MarketPlace=DE&#038;ServiceVersion=20070822&#038;WS=1&#038;tag=beastybueche-21\" ><\/a><img loading=\"lazy\" decoding=\"async\" src=\"http:\/\/ir-de.amazon-adsystem.com\/e\/ir?t=beastybueche-21&#038;l=as2&#038;o=3&#038;a=3954515334\" width=\"1\" height=\"1\" border=\"0\" alt=\"\" style=\"border:none !important; margin:0px !important;\" \/><\/p>\n<p>Broschiert: 224 Seiten<br \/>\nVerlag: <a href=\"http:\/\/www.emons-verlag.de\/programm\/roter-lavendel\" target=\"_blank\">Emons Verlag<\/a> (12. M\u00e4rz 2015)<br \/>\nSprache: Deutsch<br \/>\nISBN-10: 3954515334<br \/>\nISBN-13: 978-3954515332<\/p>\n<p>Wenn es um S\u00fcdfrankreich und die Provence geht, dann bin ich sofort dabei! Das ist mein absolutes Lieblingsurlaubsgebiet, das wir mindestens ein Mal j\u00e4hrlich bereisen &#8211; und \u00fcber das ich auch gerne B\u00fccher lese.<\/p>\n<p>So habe ich mich auch sehr auf diesen Krimi gefreut, zumal er auch noch aus der Feder von Ralf Nestmeyer stammt, dessen wundervolle Reisef\u00fchrer uns in jedem Urlaub begleiten.<\/p>\n<p><strong>\u00dcber den Autor:<\/strong><br \/>\nRalf Nestmeyer ist Historiker und lebt in N\u00fcrnberg. Er geh\u00f6rt zu den renommiertesten deutschen Reisejournalisten. Nach zahlreichen Reisef\u00fchrern und Sachb\u00fcchern &#8211; vor allem zu S\u00fcdfrankreich &#8211; erfolgt nun sein Krimideb\u00fct. Schauplatz: selbstverst\u00e4ndlich die Provence.<br \/>\n<a href=\"http:\/\/www.nestmeyer.de\/\" target=\"_blank\">www.nestmeyer.de<\/a><\/p>\n<p><strong>Die Geschichte:<\/strong><br \/>\nEin Werbefotograf reist in die Provence, um dort Lavendelbilder f\u00fcr einen Kalender aufzunehmen. Auf der Zugfahrt dorthin lernt er einen \u00e4lteren Mann (Michel) kennen und hilft diesem aus einer Notsituation. Sp\u00e4ter vertraut ihm Michel einen Stapel Bilder und Dokumente aus der Zeit des 2. Weltkrieges an. Er bittet den Fotografen, die Dinge f\u00fcr ihn aufzubewahren, doch leider verschwindet er kurz darauf spurlos.<br \/>\nZusammen mit einer Lehrerin begibt sich der Fotograf schlie\u00dflich auf Spurensuche: welches Geheimnis steckt hinter den Dokumenten? Und wird Michel jemals wieder auftauchen?<\/p>\n<p><strong>Meine Meinung:<\/strong><br \/>\nWie erwartet, entpuppte sich das Lesen dieses Krimis als kleiner Kurzurlaub f\u00fcr mich: sehr ausf\u00fchrliche Beschreibungen der Landschaft, der Orte, der regionalen Spezialit\u00e4ten und der provenzalischen Lebensart lie\u00dfen mich in lebendigen Erinnerungen schwelgen.<br \/>\nDer Autor hat auch unglaublich viele historische Fakten und Informationen zu ber\u00fchmten Pers\u00f6nlichkeiten, die in dieser Gegend von Bedeutung sind, in die Handlung eingeflochten.<\/p>\n<p>Jetzt aber zum eher negativen Teil, wenn man bedenkt, dass dieses Buch als &#8222;Krimi&#8220; verkauft wird: die vorgenannten Beschreibungen nehmen den Gro\u00dfteil des Buches ein, von einer Krimihandlung ist kaum etwas sp\u00fcrbar. Wirkliche Spannung habe ich leider zu keinem Zeitpunkt empfunden, daf\u00fcr umso mehr Freude am Wiedererkennen von diversen Schaupl\u00e4tzen.<\/p>\n<p>Was die Personen betrifft: die Handlung wird aus Sicht des Fotografen geschildert, der leider namenlos bleibt. Wirklich gest\u00f6rt hat dieser Umstand zwar nicht, denn man kann sich durchaus ein gutes Bild von ihm machen. Er ist ein Mann, der gerade irgendwie in der sprichw\u00f6rtlichen &#8222;Midlife-Crisis&#8220; steckt: unzufrieden mit allem und etwas planlos, was seine Zukunft betrifft. Die \u00fcbrigen Protagonisten werden auch recht lebendig charakterisiert, aber gro\u00dfe Sympathien konnte ich f\u00fcr niemanden entwickeln.<\/p>\n<p>Es wird auch sehr Wert auf Zwischenmenschliches gelegt: Beziehungsprobleme, Aff\u00e4ren, eine aufkeimende Liebesgeschichte und sogar Diskussionen \u00fcber verschiedene Lebenskonzepte und Kinderlosigkeit nehmen viel Platz in der Geschichte ein. Das geh\u00f6rt f\u00fcr mich in dieser Ausf\u00fchrlichkeit keinesfalls in einen Krimi und st\u00f6rt mich immer enorm, vor allem die Bettszenen.<\/p>\n<p>Interessant waren dagegen die zahlreichen Informationen \u00fcber die Aktivit\u00e4ten des franz\u00f6sischen Widerstands in der Provence im 2. Weltkrieg. Man merkt doch sehr deutlich, dass der Autor ein Historiker ist.<\/p>\n<p>Was das Ende betrifft: das kam mir etwas zu abrupt und vieles bleibt ungekl\u00e4rt. Der M\u00f6rder ist zwar bekannt, aber ein kurzer Epilog w\u00e4re durchaus w\u00fcnschenswert gewesen.<\/p>\n<p><strong>Fazit:<\/strong><br \/>\nProvence Krimi? Provence: Ja, absolut! Krimi: Nein, leider kaum als solcher erkennbar. Trotzdem sch\u00f6n zu lesen!<\/p>\n<p><strong>Bewertung:<\/strong><br \/>\n<a href=\"https:\/\/blog.beastybabe.de\/wp-content\/uploads\/2014\/12\/35pfoten.jpg\"><img loading=\"lazy\" decoding=\"async\" src=\"https:\/\/blog.beastybabe.de\/wp-content\/uploads\/2014\/12\/35pfoten-300x45.jpg\" alt=\"3,5pfoten\" width=\"300\" height=\"45\" class=\"alignnone size-medium wp-image-1223\" srcset=\"https:\/\/blog.beastybabe.de\/wp-content\/uploads\/2014\/12\/35pfoten-300x45.jpg 300w, https:\/\/blog.beastybabe.de\/wp-content\/uploads\/2014\/12\/35pfoten-624x95.jpg 624w, https:\/\/blog.beastybabe.de\/wp-content\/uploads\/2014\/12\/35pfoten.jpg 709w\" sizes=\"auto, (max-width: 300px) 100vw, 300px\" \/><\/a><\/p>\n","protected":false},"excerpt":{"rendered":"<p>Broschiert: 224 Seiten Verlag: Emons Verlag (12. M\u00e4rz 2015) Sprache: Deutsch ISBN-10: 3954515334 ISBN-13: 978-3954515332 Wenn es um S\u00fcdfrankreich und die Provence geht, dann bin ich sofort dabei! Das ist mein absolutes Lieblingsurlaubsgebiet, das wir mindestens ein Mal j\u00e4hrlich bereisen &hellip; <a href=\"https:\/\/blog.beastybabe.de\/?p=1640\">Weiterlesen <span class=\"meta-nav\">&rarr;<\/span><\/a><\/p>\n","protected":false},"author":1,"featured_media":0,"comment_status":"open","ping_status":"open","sticky":false,"template":"","format":"standard","meta":{"footnotes":""},"categories":[3],"tags":[],"class_list":["post-1640","post","type-post","status-publish","format-standard","hentry","category-rezensionen"],"_links":{"self":[{"href":"https:\/\/blog.beastybabe.de\/index.php?rest_route=\/wp\/v2\/posts\/1640","targetHints":{"allow":["GET"]}}],"collection":[{"href":"https:\/\/blog.beastybabe.de\/index.php?rest_route=\/wp\/v2\/posts"}],"about":[{"href":"https:\/\/blog.beastybabe.de\/index.php?rest_route=\/wp\/v2\/types\/post"}],"author":[{"embeddable":true,"href":"https:\/\/blog.beastybabe.de\/index.php?rest_route=\/wp\/v2\/users\/1"}],"replies":[{"embeddable":true,"href":"https:\/\/blog.beastybabe.de\/index.php?rest_route=%2Fwp%2Fv2%2Fcomments&post=1640"}],"version-history":[{"count":3,"href":"https:\/\/blog.beastybabe.de\/index.php?rest_route=\/wp\/v2\/posts\/1640\/revisions"}],"predecessor-version":[{"id":1643,"href":"https:\/\/blog.beastybabe.de\/index.php?rest_route=\/wp\/v2\/posts\/1640\/revisions\/1643"}],"wp:attachment":[{"href":"https:\/\/blog.beastybabe.de\/index.php?rest_route=%2Fwp%2Fv2%2Fmedia&parent=1640"}],"wp:term":[{"taxonomy":"category","embeddable":true,"href":"https:\/\/blog.beastybabe.de\/index.php?rest_route=%2Fwp%2Fv2%2Fcategories&post=1640"},{"taxonomy":"post_tag","embeddable":true,"href":"https:\/\/blog.beastybabe.de\/index.php?rest_route=%2Fwp%2Fv2%2Ftags&post=1640"}],"curies":[{"name":"wp","href":"https:\/\/api.w.org\/{rel}","templated":true}]}}