{"id":2066,"date":"2015-08-28T13:23:42","date_gmt":"2015-08-28T12:23:42","guid":{"rendered":"http:\/\/blog.beastybabe.de\/?p=2066"},"modified":"2015-08-28T13:25:07","modified_gmt":"2015-08-28T12:25:07","slug":"und-du-bist-nicht-zurueckgekommen-von-marceline-loridan-ivens-meine-rezension","status":"publish","type":"post","link":"https:\/\/blog.beastybabe.de\/?p=2066","title":{"rendered":"<strong>Und du bist nicht zur\u00fcckgekommen<\/strong> von Marceline Loridan-Ivens &#8211; Meine Rezension &#8230;"},"content":{"rendered":"<p><a href=\"http:\/\/www.amazon.de\/gp\/product\/3458176608\/ref=as_li_tl?ie=UTF8&#038;camp=1638&#038;creative=6742&#038;creativeASIN=3458176608&#038;linkCode=as2&#038;tag=beastybueche-21\"><img decoding=\"async\" border=\"0\" src=\"http:\/\/ws-eu.amazon-adsystem.com\/widgets\/q?_encoding=UTF8&#038;ASIN=3458176608&#038;Format=_SL250_&#038;ID=AsinImage&#038;MarketPlace=DE&#038;ServiceVersion=20070822&#038;WS=1&#038;tag=beastybueche-21\" ><\/a><img loading=\"lazy\" decoding=\"async\" src=\"http:\/\/ir-de.amazon-adsystem.com\/e\/ir?t=beastybueche-21&#038;l=as2&#038;o=3&#038;a=3458176608\" width=\"1\" height=\"1\" border=\"0\" alt=\"\" style=\"border:none !important; margin:0px !important;\" \/><\/p>\n<p>Gebundene Ausgabe: 111 Seiten<br \/>\nVerlag: <a href=\"http:\/\/www.suhrkamp.de\/buecher\/und_du_bist_nicht_zurueckgekommen-marceline_loridan-ivens_17660.html\" target=\"_blank\">Insel Verlag<\/a>; Auflage: 1 (6. September 2015)<br \/>\nSprache: Deutsch<br \/>\nISBN-10: 3458176608<br \/>\nISBN-13: 978-3458176602<br \/>\nOriginaltitel: Et tu n&#8217;es pas revenu<br \/>\n\u00dcbersetzerin: Eva Moldenhauer<br \/>\nAutorin: <a href=\"http:\/\/www.suhrkamp.de\/autoren\/marceline_loridan-ivens_14338.html\" target=\"_blank\">Marceline Loridan-Ivens<\/a><\/p>\n<p><a href=\"https:\/\/youtu.be\/zLLyeREWrrk\" target=\"_blank\">HIER<\/a> findet ihr ein Autorenvideo und <a href=\"http:\/\/www.bic-media.com\/mobile\/mobileWidget-jqm1.4.html?isbn=9783458176602&#038;layout=auto&#038;flipBook=no&#038;width=200&#038;height=315&#038;iconType=rh&#038;iconTypeSecondary=rh&#038;uiTheme=a&#038;tabMode=yes&#038;widthPopUp=1000&#038;heightPopUp=700&#038;maxReaderWidth=800&#038;showExtraFullScreenButton=no&#038;showExtraSearchButton=no&#038;showExtraShopButton=yes&#038;showTAFButton=no&#038;showExtraFacebookButton=no&#038;showFullScreenButton=no&#038;search=yes&#038;buyButton=no&#038;tellafriend=yes&#038;metadata=yes&#038;showLanguageButton=no&#038;buyButtonTarget=_blank&#038;buyUrl=https%3A%2F%2Fwww.suhrkamp.de%2Fwarenkorb%2Fadditem%2Fbuch%2F17660&#038;playAudioOnStart=no&#038;optimizeSize=yes&#038;clickTeaser=no&#038;ePubScrolling=no&#038;navigationType=standard&#038;lang=de\" target=\"_blank\">HIER<\/a> eine Leseprobe.<\/p>\n<p><strong>Die Geschichte:<\/strong><br \/>\nMit 86 Jahren blickt Marceline zur\u00fcck auf ihr Leben und wendet sich in diesem Buch noch einmal direkt an ihren im Krieg verschollenen Vater.<br \/>\nIm April 1944 wurden die beiden zusammen deportiert und landeten schlie\u00dflich in Auschwitz-Birkenau. Was sich wie ein Ort anh\u00f6rt, waren jedoch zwei getrennte Lager: Marceline sa\u00df in Birkenau ein, ihr Vater nur etwa drei Kilometer entfernt in Auschwitz. Nur mickrige drei Kilometer, aber diese Distanz konnten sie nur ein einziges Mal \u00fcberwinden in Gestalt eines kleinen Zettels, den ein Elektriker nach Birkenau hineinschmuggelte.<br \/>\nMarceline erinnert sich nicht mehr an die wenigen Zeilen, nur die Anrede und die Gru\u00dfformel sind ihr im Ged\u00e4chtnis geblieben. Immer wieder hadert sie mit sich, zermartert sich in den vielen Jahren danach das Gehirn, aber es will ihr nicht mehr einfallen, was ihr Vater ihr damals als letzte Botschaft geschickt hatte.<\/p>\n<p><em>Es war notwendig, dass das Ged\u00e4chtnis zerbrach, sonst h\u00e4tte ich nicht leben k\u00f6nnen.<\/em> (S. 29)<\/p>\n<p>An so vieles andere kann sie sich aber lebhaft erinnern &#8230; an das unvorstellbare Leid, das sie im Lager ertragen mussten, an Hunger, Krankheiten, Tod und Hoffnungslosigkeit.<br \/>\nAls sie nach Kriegsende wieder zu ihrer Familie heimkehrt, ist nichts mehr wie es war. Der Vater fehlt einfach \u00fcberall, lange Zeit noch hoffen sie, dass er wieder auftaucht. Doch schlie\u00dflich wird er f\u00fcr tot erkl\u00e4rt.<br \/>\nMarceline kann ihr eigenes \u00dcberleben nicht immer als Geschenk betrachten, oft kommt es ihr auch wie ein Fluch vor. Und der Verlust des Vaters rei\u00dft eine klaffende Wunde in die Familie, die nie mehr heilen kann.<\/p>\n<p><strong>Meine Meinung:<\/strong><br \/>\nBesonders angesichts der aktuellen Fl\u00fcchtlingsdebatten finde ich solche B\u00fccher immer sehr wichtig. Leider werden aber die Personen, die es n\u00f6tig h\u00e4tten, sich gewisse geschichtliche Geschehnisse wieder einmal ins Ged\u00e4chtnis zu rufen, kaum zu solcher Lekt\u00fcre greifen.<\/p>\n<p>Dieses Buch ist sehr pers\u00f6nlich, denn Marceline schildert ein Einzelschicksal bzw. das Schicksal ihrer Familie und solche Berichte sind immer noch ein bisschen eindr\u00fccklicher als allgemeine Informationen \u00fcber die Gr\u00e4ueltaten der Nazis.<br \/>\nDer Fokus liegt hier auch nicht unbedingt auf den Erlebnissen im Vernichtungslager Auschwitz-Birkenau, sondern es geht viel mehr darum, was diese Trag\u00f6die aus Marcelines Familie gemacht hat. Sie selbst hat \u00fcberlebt, aber sie kann das nicht wirklich genie\u00dfen. Sie w\u00fcnscht sich sogar oft, sie w\u00e4re anstatt des Vaters gestorben.<br \/>\nAndere Familienmitglieder zerbrechen am Verlust des Vaters, schaffen es einfach nicht, das Ganze zu verarbeiten.<br \/>\nAuch die Entscheidungen vor dem Krieg werden angesprochen: h\u00e4tte man die Trag\u00f6die verhindern k\u00f6nnen, w\u00e4re man anderswo sicherer gewesen?<\/p>\n<p>Marceline Loridan-Ivens erz\u00e4hlt auch, was danach aus ihrem Leben geworden ist, wie sie und ob sie die Erlebnisse verarbeitet hat. Was sie mit ihrem zweiten Ehemann Joris Ivens geleistet hat, finde ich sehr beeindruckend: sie filmten in Kriegsgebieten und wollten den Menschen damit helfen.<br \/>\nF\u00fcr mich ist Marceline eine beeindruckende, starke Frau, die trotz aller Widrigkeiten die Hoffnung niemals aufgegeben hat. Wirklich toll!<\/p>\n<p><strong>Fazit:<\/strong><br \/>\nEindr\u00fccklich, pers\u00f6nlich und erschreckend &#8230; ein wichtiges Buch gegen das Vergessen.<\/p>\n<p><strong>Bewertung:<\/strong><br \/>\n<a href=\"https:\/\/blog.beastybabe.de\/wp-content\/uploads\/2014\/07\/5pfoten.jpg\"><img loading=\"lazy\" decoding=\"async\" src=\"https:\/\/blog.beastybabe.de\/wp-content\/uploads\/2014\/07\/5pfoten-300x45.jpg\" alt=\"5pfoten\" width=\"300\" height=\"45\" class=\"alignnone size-medium wp-image-690\" srcset=\"https:\/\/blog.beastybabe.de\/wp-content\/uploads\/2014\/07\/5pfoten-300x45.jpg 300w, https:\/\/blog.beastybabe.de\/wp-content\/uploads\/2014\/07\/5pfoten-624x95.jpg 624w, https:\/\/blog.beastybabe.de\/wp-content\/uploads\/2014\/07\/5pfoten.jpg 709w\" sizes=\"auto, (max-width: 300px) 100vw, 300px\" \/><\/a><\/p>\n","protected":false},"excerpt":{"rendered":"<p>Gebundene Ausgabe: 111 Seiten Verlag: Insel Verlag; Auflage: 1 (6. September 2015) Sprache: Deutsch ISBN-10: 3458176608 ISBN-13: 978-3458176602 Originaltitel: Et tu n&#8217;es pas revenu \u00dcbersetzerin: Eva Moldenhauer Autorin: Marceline Loridan-Ivens HIER findet ihr ein Autorenvideo und HIER eine Leseprobe. Die &hellip; <a href=\"https:\/\/blog.beastybabe.de\/?p=2066\">Weiterlesen <span class=\"meta-nav\">&rarr;<\/span><\/a><\/p>\n","protected":false},"author":1,"featured_media":0,"comment_status":"open","ping_status":"open","sticky":false,"template":"","format":"standard","meta":{"footnotes":""},"categories":[3],"tags":[],"class_list":["post-2066","post","type-post","status-publish","format-standard","hentry","category-rezensionen"],"_links":{"self":[{"href":"https:\/\/blog.beastybabe.de\/index.php?rest_route=\/wp\/v2\/posts\/2066","targetHints":{"allow":["GET"]}}],"collection":[{"href":"https:\/\/blog.beastybabe.de\/index.php?rest_route=\/wp\/v2\/posts"}],"about":[{"href":"https:\/\/blog.beastybabe.de\/index.php?rest_route=\/wp\/v2\/types\/post"}],"author":[{"embeddable":true,"href":"https:\/\/blog.beastybabe.de\/index.php?rest_route=\/wp\/v2\/users\/1"}],"replies":[{"embeddable":true,"href":"https:\/\/blog.beastybabe.de\/index.php?rest_route=%2Fwp%2Fv2%2Fcomments&post=2066"}],"version-history":[{"count":3,"href":"https:\/\/blog.beastybabe.de\/index.php?rest_route=\/wp\/v2\/posts\/2066\/revisions"}],"predecessor-version":[{"id":2070,"href":"https:\/\/blog.beastybabe.de\/index.php?rest_route=\/wp\/v2\/posts\/2066\/revisions\/2070"}],"wp:attachment":[{"href":"https:\/\/blog.beastybabe.de\/index.php?rest_route=%2Fwp%2Fv2%2Fmedia&parent=2066"}],"wp:term":[{"taxonomy":"category","embeddable":true,"href":"https:\/\/blog.beastybabe.de\/index.php?rest_route=%2Fwp%2Fv2%2Fcategories&post=2066"},{"taxonomy":"post_tag","embeddable":true,"href":"https:\/\/blog.beastybabe.de\/index.php?rest_route=%2Fwp%2Fv2%2Ftags&post=2066"}],"curies":[{"name":"wp","href":"https:\/\/api.w.org\/{rel}","templated":true}]}}