{"id":2684,"date":"2016-01-30T18:20:01","date_gmt":"2016-01-30T17:20:01","guid":{"rendered":"http:\/\/blog.beastybabe.de\/?p=2684"},"modified":"2016-01-30T18:22:07","modified_gmt":"2016-01-30T17:22:07","slug":"toedlicher-frost-von-asbjorn-jaklin-meine-rezension","status":"publish","type":"post","link":"https:\/\/blog.beastybabe.de\/?p=2684","title":{"rendered":"T\u00d6DLICHER FROST von Asbj\u00f8rn Jaklin &#8211; Meine Rezension &#8230;"},"content":{"rendered":"<p><a rel=\"nofollow\" href=\"http:\/\/www.amazon.de\/gp\/product\/3518464817\/ref=as_li_tl?ie=UTF8&#038;camp=1638&#038;creative=6742&#038;creativeASIN=3518464817&#038;linkCode=as2&#038;tag=beastybueche-21\"><img decoding=\"async\" border=\"0\" src=\"http:\/\/ws-eu.amazon-adsystem.com\/widgets\/q?_encoding=UTF8&#038;ASIN=3518464817&#038;Format=_SL250_&#038;ID=AsinImage&#038;MarketPlace=DE&#038;ServiceVersion=20070822&#038;WS=1&#038;tag=beastybueche-21\" ><\/a><img loading=\"lazy\" decoding=\"async\" src=\"http:\/\/ir-de.amazon-adsystem.com\/e\/ir?t=beastybueche-21&#038;l=as2&#038;o=3&#038;a=3518464817\" width=\"1\" height=\"1\" border=\"0\" alt=\"\" style=\"border:none !important; margin:0px !important;\" \/><\/p>\n<p>Taschenbuch: 337 Seiten<br \/>\nVerlag: <a href=\"http:\/\/www.suhrkamp.de\/buecher\/toedlicher_frost-asbjorn_jaklin_46481.html\" target=\"_blank\">Suhrkamp Verlag<\/a>; Auflage: Deutsche Erstausgabe (20. Oktober 2014)<br \/>\nSprache: Deutsch<br \/>\nISBN-10: 3518464817<br \/>\nISBN-13: 978-3518464816<br \/>\nOriginaltitel: Svart Frost<br \/>\n\u00dcbersetzer: Ulrich Sonnenberg<br \/>\n<a href=\"http:\/\/www.suhrkamp.de\/autoren\/asbjorn_jaklin_12631.html\" target=\"_blank\">\u00dcber den Autor:<\/a> <strong>Asbj\u00f8rn Jaklin<\/strong> stammt aus Troms\u00f8, er ist Journalist bei Nordlys, Historiker und Autor zahlreicher Sachb\u00fccher. F\u00fcr Nordfronten \u2013 Hitlers skjebneomrade (Nordfront \u2013 Hitlers Schicksalsgebiet) wurde Jaklin 2006 f\u00fcr den renommierten Brage-Preis nominiert. T\u00f6dlicher Frost, der erste Band einer Serie, ist sein erster Kriminalroman. <\/p>\n<p><strong>Die gesamte bisherige &#8222;Alexander Winther&#8220;-Reihe:<\/strong><br \/>\n<a rel=\"nofollow\" href=\"http:\/\/www.amazon.de\/gp\/product\/3518464817\/ref=as_li_tl?ie=UTF8&#038;camp=1638&#038;creative=6742&#038;creativeASIN=3518464817&#038;linkCode=as2&#038;tag=beastybueche-21\"><img decoding=\"async\" border=\"0\" src=\"http:\/\/ws-eu.amazon-adsystem.com\/widgets\/q?_encoding=UTF8&#038;ASIN=3518464817&#038;Format=_SL160_&#038;ID=AsinImage&#038;MarketPlace=DE&#038;ServiceVersion=20070822&#038;WS=1&#038;tag=beastybueche-21\" ><\/a><img loading=\"lazy\" decoding=\"async\" src=\"http:\/\/ir-de.amazon-adsystem.com\/e\/ir?t=beastybueche-21&#038;l=as2&#038;o=3&#038;a=3518464817\" width=\"1\" height=\"1\" border=\"0\" alt=\"\" style=\"border:none !important; margin:0px !important;\" \/><a rel=\"nofollow\" href=\"http:\/\/www.amazon.de\/gp\/product\/3518466496\/ref=as_li_tl?ie=UTF8&#038;camp=1638&#038;creative=6742&#038;creativeASIN=3518466496&#038;linkCode=as2&#038;tag=beastybueche-21\"><img decoding=\"async\" border=\"0\" src=\"http:\/\/ws-eu.amazon-adsystem.com\/widgets\/q?_encoding=UTF8&#038;ASIN=3518466496&#038;Format=_SL160_&#038;ID=AsinImage&#038;MarketPlace=DE&#038;ServiceVersion=20070822&#038;WS=1&#038;tag=beastybueche-21\" ><\/a><img loading=\"lazy\" decoding=\"async\" src=\"http:\/\/ir-de.amazon-adsystem.com\/e\/ir?t=beastybueche-21&#038;l=as2&#038;o=3&#038;a=3518466496\" width=\"1\" height=\"1\" border=\"0\" alt=\"\" style=\"border:none !important; margin:0px !important;\" \/><\/p>\n<p><iframe loading=\"lazy\" title=\"Asbj\u00f8rn Jaklin: \u00bbT\u00f6dlicher Frost\u00ab (Buchtrailer)\" width=\"584\" height=\"329\" src=\"https:\/\/www.youtube.com\/embed\/rxhSaIBBqmI?feature=oembed\" frameborder=\"0\" allow=\"accelerometer; autoplay; clipboard-write; encrypted-media; gyroscope; picture-in-picture; web-share\" referrerpolicy=\"strict-origin-when-cross-origin\" allowfullscreen><\/iframe><\/p>\n<p><strong>Die Geschichte:<\/strong><br \/>\nAlexander Winther ist Kriegsveteran und m\u00f6chte sich als Journalist eine berufliche Zukunft aufbauen. Zusammen mit der Fotografin Tora besucht er den Schauplatz eines grausamen Verbrechens: ein Mann wurde in einer Scheune gefoltert und erh\u00e4ngt.<br \/>\nSchnell wird klar, dass es vielleicht einen Zusammenhang zu fr\u00fcheren Gr\u00e4ueltaten in dieser Gegend gibt, denn an dem Opfer hing ein Steinkreuz, das von einem Kriegsgefangenenfriedhof in der N\u00e4he entwendet wurde. W\u00e4hrend des Zweiten Weltkriegs gab es auch in Norwegen Gefangenenlager, in denen Menschen verschiedener Nationalit\u00e4ten misshandelt und get\u00f6tet wurden.<br \/>\nWar die Tat ein sp\u00e4ter Racheakt? Alex kommt dem M\u00f6rder immer n\u00e4her und ger\u00e4t am Ende selbst in Gefahr &#8230;<\/p>\n<p><strong>Meine Meinung:<\/strong><br \/>\nDer Autor schrieb bisher Sachb\u00fccher und wurde daf\u00fcr auch schon mit Preisen ausgezeichnet. Dies ist nun sein erster Krimi und insgesamt hat mir das Buch auch ganz gut gefallen.<br \/>\nVom Schreibstil her ist es noch ausbauf\u00e4hig, vor allem die Dialoge erschienen mir manchmal etwas seltsam und nicht ganz realit\u00e4tsnah. Aber insgesamt l\u00e4sst sich die Geschichte fl\u00fcssig lesen und ist meistens auch sehr fesselnd.<\/p>\n<p>Die Charaktere wirken ganz authentisch und Alex Winther war mir auch gleich sympathisch. Er leidet unter einem kriegsbedingten Trauma, das ihm im Alltag immer wieder in die Quere kommt. Auch sonst legt er noch oft die in Fleisch und Blut \u00fcbergegangenen Verhaltensweisen aus Gefahren- und Gefechtssituationen an den Tag, was ihm allerdings sehr zugute kommt.<br \/>\nAuch Tora fand ich ganz nett, w\u00e4hrend Winthers Freundin Vivi bisher noch eher etwas blass wirkt auf mich. Die Nebenfiguren wurden auch ausreichend beschrieben, aber sie blieben mir emotional irgendwie eher fern &#8211; ungeachtet der Schicksale, die sie ereilten.<br \/>\nSehr sch\u00f6n konnte ich mir dagegen die Schaupl\u00e4tze vorstellen, hier hat der Autor eine lebendige Atmosph\u00e4re erschaffen, in die man gut abtauchen kann.<\/p>\n<p>Nat\u00fcrlich steckt in diesem Buch sehr viel Wahrheit und interessante Informationen \u00fcber verschiedene Gr\u00e4ueltaten im letzten Jahrhundert. Nicht nur der Zweite Weltkrieg ist hier Thema, sondern auch die Zeit danach. Unter anderem geht es dabei auch um die Jugoslawienkriege, die erst ca. 20 Jahre zur\u00fcckliegen.<br \/>\nEs gef\u00e4llt mir immer sehr, wenn man in einem Krimi oder Thriller nebenbei noch Geschichtswissen vermittelt bekommt, allerdings war das in diesem Buch manchmal fast etwas verwirrend. Der Autor streut Kapitel ein, die in der Vergangenheit angesiedelt sind, allerdings dort in verschiedenen Jahren. Man muss aufmerksam die Datumsangaben am Anfang der Kapitel beachten, dann klappt es mit dem Verst\u00e4ndnis.<\/p>\n<p>Ein Handlungsstrang am Anfang verlief irgendwie im Sand oder war nur wichtig, um Alex Panikattacken zu f\u00f6rdern &#8230; das habe ich bis zum Ende nicht wirklich verstanden und es bleibt offen.<br \/>\nAuch so manch andere Dinge bleiben vage und obwohl der Mord am Ende aufgekl\u00e4rt ist, hatte ich das Gef\u00fchl, es w\u00e4re noch nicht alles gesagt. Wahrscheinlich war das vom Autor auch so gewollt, denn es geht in diesem Buch ja auch viel um Gerechtigkeit, Rache und die Hilflosigkeit der Opfer, weil so viele T\u00e4ter nicht bestraft werden k\u00f6nnen.<br \/>\nM\u00f6glicherweise hatte ich das Gef\u00fchl auch nur, weil Alex st\u00e4ndig Informationen bekommen hat, die er nicht \u00f6ffentlich machen durfte. Gewisse Dinge kl\u00e4rten sich also schon, aber immer unter dem Deckmantel der Verschwiegenheit.<\/p>\n<p>Das Buch war auf alle F\u00e4lle interessant und auch meistens recht spannend. Der n\u00e4chste Teil der Reihe wird im Mai erscheinen und er steht bereits auf meiner Wunschliste. Es interessiert mich, wie es mit Alex weitergeht und welche geschichtlichen Ereignisse darin thematisiert werden.<\/p>\n<p><strong>Fazit:<\/strong><br \/>\nEin spannender Krimi, der sich eher wie ein Thriller liest. Viele interessante geschichtliche Informationen und ein sympathischer Protagonist sorgen f\u00fcr gute Unterhaltung.<\/p>\n<p><strong>Bewertung:<\/strong><br \/>\n<a href=\"https:\/\/blog.beastybabe.de\/wp-content\/uploads\/2014\/03\/4pfoten.jpg\" rel=\"attachment wp-att-695\"><img loading=\"lazy\" decoding=\"async\" src=\"https:\/\/blog.beastybabe.de\/wp-content\/uploads\/2014\/03\/4pfoten-300x45.jpg\" alt=\"4pfoten\" width=\"300\" height=\"45\" class=\"alignnone size-medium wp-image-695\" srcset=\"https:\/\/blog.beastybabe.de\/wp-content\/uploads\/2014\/03\/4pfoten-300x45.jpg 300w, https:\/\/blog.beastybabe.de\/wp-content\/uploads\/2014\/03\/4pfoten-624x95.jpg 624w, https:\/\/blog.beastybabe.de\/wp-content\/uploads\/2014\/03\/4pfoten.jpg 709w\" sizes=\"auto, (max-width: 300px) 100vw, 300px\" \/><\/a><\/p>\n<p>Bei <a href=\"http:\/\/www.daggis-welt.de\/21387\/daggis-buch-challenge-2016-die-ausschreibung\/\" target=\"_blank\">Daggis Buch-Challenge<\/a> hake ich hiermit Punkt 44 ab.<\/p>\n","protected":false},"excerpt":{"rendered":"<p>Taschenbuch: 337 Seiten Verlag: Suhrkamp Verlag; Auflage: Deutsche Erstausgabe (20. Oktober 2014) Sprache: Deutsch ISBN-10: 3518464817 ISBN-13: 978-3518464816 Originaltitel: Svart Frost \u00dcbersetzer: Ulrich Sonnenberg \u00dcber den Autor: Asbj\u00f8rn Jaklin stammt aus Troms\u00f8, er ist Journalist bei Nordlys, Historiker und Autor &hellip; <a href=\"https:\/\/blog.beastybabe.de\/?p=2684\">Weiterlesen <span class=\"meta-nav\">&rarr;<\/span><\/a><\/p>\n","protected":false},"author":1,"featured_media":0,"comment_status":"open","ping_status":"open","sticky":false,"template":"","format":"standard","meta":{"footnotes":""},"categories":[3],"tags":[],"class_list":["post-2684","post","type-post","status-publish","format-standard","hentry","category-rezensionen"],"_links":{"self":[{"href":"https:\/\/blog.beastybabe.de\/index.php?rest_route=\/wp\/v2\/posts\/2684","targetHints":{"allow":["GET"]}}],"collection":[{"href":"https:\/\/blog.beastybabe.de\/index.php?rest_route=\/wp\/v2\/posts"}],"about":[{"href":"https:\/\/blog.beastybabe.de\/index.php?rest_route=\/wp\/v2\/types\/post"}],"author":[{"embeddable":true,"href":"https:\/\/blog.beastybabe.de\/index.php?rest_route=\/wp\/v2\/users\/1"}],"replies":[{"embeddable":true,"href":"https:\/\/blog.beastybabe.de\/index.php?rest_route=%2Fwp%2Fv2%2Fcomments&post=2684"}],"version-history":[{"count":2,"href":"https:\/\/blog.beastybabe.de\/index.php?rest_route=\/wp\/v2\/posts\/2684\/revisions"}],"predecessor-version":[{"id":2686,"href":"https:\/\/blog.beastybabe.de\/index.php?rest_route=\/wp\/v2\/posts\/2684\/revisions\/2686"}],"wp:attachment":[{"href":"https:\/\/blog.beastybabe.de\/index.php?rest_route=%2Fwp%2Fv2%2Fmedia&parent=2684"}],"wp:term":[{"taxonomy":"category","embeddable":true,"href":"https:\/\/blog.beastybabe.de\/index.php?rest_route=%2Fwp%2Fv2%2Fcategories&post=2684"},{"taxonomy":"post_tag","embeddable":true,"href":"https:\/\/blog.beastybabe.de\/index.php?rest_route=%2Fwp%2Fv2%2Ftags&post=2684"}],"curies":[{"name":"wp","href":"https:\/\/api.w.org\/{rel}","templated":true}]}}