{"id":753,"date":"2014-08-17T12:50:23","date_gmt":"2014-08-17T10:50:23","guid":{"rendered":"http:\/\/blog.beastybabe.de\/?p=753"},"modified":"2014-08-17T12:52:30","modified_gmt":"2014-08-17T10:52:30","slug":"der-eiserne-sommer-von-angelika-felenda-meine-rezension","status":"publish","type":"post","link":"https:\/\/blog.beastybabe.de\/?p=753","title":{"rendered":"<strong>Der eiserne Sommer<\/strong> von Angelika Felenda &#8211; Meine Rezension&#8230;"},"content":{"rendered":"<p><a href=\"http:\/\/www.amazon.de\/gp\/product\/3518465422\/ref=as_li_tf_il?ie=UTF8&#038;camp=1638&#038;creative=6742&#038;creativeASIN=3518465422&#038;linkCode=as2&#038;tag=beastybueche-21\"><img decoding=\"async\" border=\"0\" src=\"http:\/\/ws-eu.amazon-adsystem.com\/widgets\/q?_encoding=UTF8&#038;ASIN=3518465422&#038;Format=_SL250_&#038;ID=AsinImage&#038;MarketPlace=DE&#038;ServiceVersion=20070822&#038;WS=1&#038;tag=beastybueche-21\" ><\/a><img loading=\"lazy\" decoding=\"async\" src=\"http:\/\/ir-de.amazon-adsystem.com\/e\/ir?t=beastybueche-21&#038;l=as2&#038;o=3&#038;a=3518465422\" width=\"1\" height=\"1\" border=\"0\" alt=\"\" style=\"border:none !important; margin:0px !important;\" \/><\/p>\n<p>Taschenbuch: 435 Seiten<br \/>\nVerlag: <a href=\"http:\/\/www.suhrkamp.de\/buecher\/der_eiserne_sommer-angelika_felenda_46542.html\" target=\"_blank\">Suhrkamp Verlag<\/a>; Originalausgabe (18. August 2014)<br \/>\nSprache: Deutsch<br \/>\nISBN-10: 3518465422<br \/>\nISBN-13: 978-3518465424<\/p>\n<p>Seht euch den <a href=\"http:\/\/www.suhrkamp.de\/mediathek\/angelika_felenda_der_eiserne_sommer_buchtrailer_832.html\" target=\"_blank\">BUCHTRAILER<\/a> an!<\/p>\n<p><strong>\u00dcber die Autorin:<\/strong><br \/>\nAngelika Felenda, geboren in N\u00f6rdlingen, hat Geschichte und Germanistik studiert und arbeitet als \u00dcbersetzerin in M\u00fcnchen.<br \/>\n&#8222;Der eiserne Sommer&#8220; ist der Auftakt zu einer Serie um Kommiss\u00e4r Reitmeyer und ihr erster Roman.<\/p>\n<p><strong>Der Klappentext:<\/strong><br \/>\nM\u00fcnchen, 1914. Kommiss\u00e4r Sebastian Reitmeyer hat es satt, die Marionette des Polizeipr\u00e4sidenten zu sein. W\u00e4hrend die Bev\u00f6lkerung wie im Taumel das hundertj\u00e4hrige Bestehen des k\u00f6niglichen Leibregiments feiert, f\u00fchren ihn seine Ermittlungen in einer Mordserie von den Villen der Gro\u00dfb\u00fcrger bis ins ber\u00fcchtigte Caf\u00e9 Neptun, Vergn\u00fcgungsort der Offiziere.<br \/>\nAber gegen das Milit\u00e4r darf er per Gesetz nicht vorgehen, und der Polizeipr\u00e4sident dr\u00e4ngt ihn, nicht noch tiefer zu sch\u00fcrfen. Da macht er eine ungeheuerliche Entdeckung, die nicht nur ihn selbst zum Abschuss freigibt. Unmittelbar vor Kriegsausbruch k\u00f6nnte sie das ganze Land in den Untergang st\u00fcrzen&#8230;<\/p>\n<p><strong>Die Geschichte:<\/strong><br \/>\nEin junger Mann wird tot aufgefunden, zun\u00e4chst deutet alles auf einen Unfall hin. Doch Kommiss\u00e4r Reitmeyer und seine Truppe finden bald heraus, dass mehr dahintersteckt. Die Spuren f\u00fchren in die h\u00f6heren Kreise der M\u00fcnchner Gesellschaft und leider auch zum Milit\u00e4r. Reitmeyer wird bald nahe gelegt, sich bedeckt zu halten, was die Ermittlungsergebnisse betrifft. Nichts soll an die \u00d6ffentlichkeit dringen, die gerade sowieso in hellem Aufruhr ist angesichts des drohenden Krieges. Leider bleibt es nicht nur bei einem Todesfall und so wird schlie\u00dflich eine ganze Mordserie daraus, die immer weitere Kreise zieht.<br \/>\nDass ausgerechnet die \u00c4rztin Caroline und deren Familie ebenfalls in die Vorkommnisse verwickelt sind, macht es Sebastian nicht gerade leichter, denn er hat ein Auge auf die junge Frau geworfen&#8230;<\/p>\n<p><strong>Meine Meinung:<\/strong><br \/>\nTrotz der \u00fcber 400 Seiten gab es in diesem Buch keine L\u00e4ngen, ich habe mich durchgehend sehr gut unterhalten gef\u00fchlt.<br \/>\nDie Charaktere sind prima ausgearbeitet, vor allem Sebastian Reitmeyer, \u00fcber den wir auch einiges aus seinem Privatleben erfahren d\u00fcrfen. Die Dialoge wirken realistisch und sorgen oft f\u00fcr ein Schmunzeln, denn die Autorin bringt die manchmal etwas schnoddrige bayerische Art sehr treffend auf den Punkt.<br \/>\nAuch was die Zeit betrifft, in der dieser Krimi angesiedelt ist, wirkt alles sehr authentisch. Sebastian ist erst Anfang Drei\u00dfig, trotzdem hatte ich st\u00e4ndig das Gef\u00fchl, er w\u00e4re mindestens Mitte 40. Dabei k\u00f6nnte ich gar nicht genau erkl\u00e4ren, woran das lag, aber f\u00fcr mich passte es einfach: damals wirkten die Menschen ja oft \u00e4lter oder ernster.<br \/>\nDer Kriminalfall wird spannend erz\u00e4hlt und ist in seiner ganzen komplexen Vielschichtigkeit bestens durchdacht. Man wei\u00df nie so genau, woran man ist und nicht selten wird der J\u00e4ger selbst zum Gejagten &#8211; einfach toll geschrieben.<br \/>\nAuch die Verwicklungen der &#8222;hohen Herrschaften&#8220; werden glaubhaft und eindrucksvoll dargestellt &#8211; wie im richtigen Leben! Der Zwiespalt, in dem Kommiss\u00e4r Reitmeyer steckt, ist sehr gut nachf\u00fchlbar: einerseits sein Gerechtigkeitsempfinden, andererseits die Sorge um die eigene Zukunft.<br \/>\nAm Ende holt der grausame Krieg die Protagonisten ein und sorgt noch einmal f\u00fcr Herzklopfen. Und ich freue mich jetzt schon auf Band 2 der Reihe&#8230;<\/p>\n<p><strong>Fazit:<\/strong><br \/>\nEin solider, gut durchdachter Krimi, der mich gefesselt und sehr begeistert hat. Lebendige Charaktere spielen bis zur letzten Seite ein Katz- und Maus-Spiel der besonders kniffligen, pikanten Art.<\/p>\n<p><strong>Bewertung:<\/strong><br \/>\n<a href=\"https:\/\/blog.beastybabe.de\/wp-content\/uploads\/2014\/07\/5pfoten.jpg\"><img loading=\"lazy\" decoding=\"async\" src=\"https:\/\/blog.beastybabe.de\/wp-content\/uploads\/2014\/07\/5pfoten-300x45.jpg\" alt=\"5pfoten\" width=\"300\" height=\"45\" class=\"alignnone size-medium wp-image-690\" srcset=\"https:\/\/blog.beastybabe.de\/wp-content\/uploads\/2014\/07\/5pfoten-300x45.jpg 300w, https:\/\/blog.beastybabe.de\/wp-content\/uploads\/2014\/07\/5pfoten-624x95.jpg 624w, https:\/\/blog.beastybabe.de\/wp-content\/uploads\/2014\/07\/5pfoten.jpg 709w\" sizes=\"auto, (max-width: 300px) 100vw, 300px\" \/><\/a><\/p>\n","protected":false},"excerpt":{"rendered":"<p>Taschenbuch: 435 Seiten Verlag: Suhrkamp Verlag; Originalausgabe (18. August 2014) Sprache: Deutsch ISBN-10: 3518465422 ISBN-13: 978-3518465424 Seht euch den BUCHTRAILER an! \u00dcber die Autorin: Angelika Felenda, geboren in N\u00f6rdlingen, hat Geschichte und Germanistik studiert und arbeitet als \u00dcbersetzerin in M\u00fcnchen. &hellip; <a href=\"https:\/\/blog.beastybabe.de\/?p=753\">Weiterlesen <span class=\"meta-nav\">&rarr;<\/span><\/a><\/p>\n","protected":false},"author":1,"featured_media":0,"comment_status":"open","ping_status":"open","sticky":false,"template":"","format":"standard","meta":{"footnotes":""},"categories":[3],"tags":[],"class_list":["post-753","post","type-post","status-publish","format-standard","hentry","category-rezensionen"],"_links":{"self":[{"href":"https:\/\/blog.beastybabe.de\/index.php?rest_route=\/wp\/v2\/posts\/753","targetHints":{"allow":["GET"]}}],"collection":[{"href":"https:\/\/blog.beastybabe.de\/index.php?rest_route=\/wp\/v2\/posts"}],"about":[{"href":"https:\/\/blog.beastybabe.de\/index.php?rest_route=\/wp\/v2\/types\/post"}],"author":[{"embeddable":true,"href":"https:\/\/blog.beastybabe.de\/index.php?rest_route=\/wp\/v2\/users\/1"}],"replies":[{"embeddable":true,"href":"https:\/\/blog.beastybabe.de\/index.php?rest_route=%2Fwp%2Fv2%2Fcomments&post=753"}],"version-history":[{"count":3,"href":"https:\/\/blog.beastybabe.de\/index.php?rest_route=\/wp\/v2\/posts\/753\/revisions"}],"predecessor-version":[{"id":825,"href":"https:\/\/blog.beastybabe.de\/index.php?rest_route=\/wp\/v2\/posts\/753\/revisions\/825"}],"wp:attachment":[{"href":"https:\/\/blog.beastybabe.de\/index.php?rest_route=%2Fwp%2Fv2%2Fmedia&parent=753"}],"wp:term":[{"taxonomy":"category","embeddable":true,"href":"https:\/\/blog.beastybabe.de\/index.php?rest_route=%2Fwp%2Fv2%2Fcategories&post=753"},{"taxonomy":"post_tag","embeddable":true,"href":"https:\/\/blog.beastybabe.de\/index.php?rest_route=%2Fwp%2Fv2%2Ftags&post=753"}],"curies":[{"name":"wp","href":"https:\/\/api.w.org\/{rel}","templated":true}]}}