{"id":783,"date":"2014-08-07T23:12:42","date_gmt":"2014-08-07T21:12:42","guid":{"rendered":"http:\/\/blog.beastybabe.de\/?p=783"},"modified":"2014-08-07T23:12:42","modified_gmt":"2014-08-07T21:12:42","slug":"vergessen-von-elke-pistor-meine-rezension","status":"publish","type":"post","link":"https:\/\/blog.beastybabe.de\/?p=783","title":{"rendered":"<strong>Vergessen<\/strong> von Elke Pistor &#8211; Meine Rezension&#8230;"},"content":{"rendered":"<p><a href=\"http:\/\/www.amazon.de\/gp\/product\/3548286100\/ref=as_li_tl?ie=UTF8&#038;camp=1638&#038;creative=6742&#038;creativeASIN=3548286100&#038;linkCode=as2&#038;tag=beastybueche-21&#038;linkId=LT2JEQHXRZTFTKJB\"><img decoding=\"async\" border=\"0\" src=\"http:\/\/ws-eu.amazon-adsystem.com\/widgets\/q?_encoding=UTF8&#038;ASIN=3548286100&#038;Format=_SL250_&#038;ID=AsinImage&#038;MarketPlace=DE&#038;ServiceVersion=20070822&#038;WS=1&#038;tag=beastybueche-21\" ><\/a><img loading=\"lazy\" decoding=\"async\" src=\"http:\/\/ir-de.amazon-adsystem.com\/e\/ir?t=beastybueche-21&#038;l=as2&#038;o=3&#038;a=3548286100\" width=\"1\" height=\"1\" border=\"0\" alt=\"\" style=\"border:none !important; margin:0px !important;\" \/><\/p>\n<p>Taschenbuch: 304 Seiten<br \/>\nVerlag: <a href=\"http:\/\/www.ullsteinbuchverlage.de\/nc\/buch\/details\/vergessen-9783548286105.html?cHash=e60bdc17e03e820e12c015b35ee311c5\" target=\"_blank\">Ullstein Taschenbuch<\/a> (8. August 2014)<br \/>\nSprache: Deutsch<br \/>\nISBN-10: 3548286100<br \/>\nISBN-13: 978-3548286105<\/p>\n<p><strong>\u00dcber die Autorin:<\/strong><br \/>\nElke Pistor, geboren 1967, schreibt Kriminalromane, arbeitet als Seminartrainerin und leitet Schreibworkshops. Sie lebt mit ihrer Familie in der N\u00e4he von K\u00f6ln.<br \/>\nMehr von ihr auf <a href=\"http:\/\/www.elkepistor.de\/\" target=\"_blank\">www.elke-pistor.de<\/a><\/p>\n<p><strong>Der Klappentext:<\/strong><br \/>\nKommissarin Verena Irlenbusch steht unter Druck: Mitten in einer komplizierten Mordserie verschlimmert sich die Alzheimererkrankung ihrer geliebten Gro\u00dfmutter. Ein neuer Kollege, der ewig schlechtgelaunte Christoph Todt, hilft wenig weiter. Doch Verena bleibt professionelle Ermittlerin und liebevolle Enkelin &#8211; auch wenn es sie fast zerrei\u00dft.<br \/>\nVerena und Christoph kommen schlie\u00dflich einem hochintelligenten Psychopathen auf die Spur, doch jetzt verf\u00e4ngt sich Verena in seinem Netz aus lang vergessener Schuld und neuem Hass. Wird sie diesen Fall heil \u00fcberstehen?<\/p>\n<p><strong>Die Geschichte:<\/strong><br \/>\nVerena Irlenbusch ist eine sehr gute Mordermittlerin, doch so richtig konzentrieren kann sie sich in letzter Zeit nicht mehr auf den Job: ihre Gro\u00dfmutter (bei der sie aufgewachsen ist) leidet zunehmend unter ihrer Alzheimererkrankung.<br \/>\nEin weiterer Schicksalsschlag hat zur Folge, dass sie einen neuen Partner an die Seite gestellt bekommt: Christoph Todt. Der Mann ist verschlossen, unfreundlich und alles andere als kollegial &#8211; ein echter Alptraum f\u00fcr Verena.<br \/>\nTrotzdem m\u00fcssen sie sich zusammenraufen, denn ein besonders schwieriger Fall erfordert die ganze Aufmerksamkeit: ein Zahnarzt hat sich aus seinem Praxisfenster gest\u00fcrzt &#8211; und dieser Tote bleibt nicht lange allein.<br \/>\nNoch schlimmer: ein kleines M\u00e4dchen wurde entf\u00fchrt und verschleppt und es scheint eine Verbindung zu der Mordserie zu geben.<br \/>\nKann Verena die Kleine noch rechtzeitig retten?<\/p>\n<p><strong>Meine Meinung:<\/strong><br \/>\nDas titelgebende &#8222;Vergessen&#8220; findet man in diesem Krimi immer wieder, unter anderem in Form der Alzheimererkrankung von Verenas Gro\u00dfmutter. Gut recherchiert flie\u00dfen Informationen \u00fcber diese und andere Formen psychischer und neuronaler Erkrankungen in die Geschichte ein.<\/p>\n<p>Verena ist eine sehr sympathische Protagonistin, die realistisch dargestellt wird und mit der man gut mitf\u00fchlen kann. Ihre Zerrissenheit und ihre Emotionen sind Teil des Geschehens und lassen sie menschlich wirken.<br \/>\nAuch die \u00fcbrigen Charaktere stehen nicht im Schatten der Hauptfigur: auch diese erhalten meist eine Vergangenheit, die ihre Handlungen nachvollziehbar erscheinen l\u00e4sst. <\/p>\n<p>Ein gro\u00dfes Thema in diesem Krimi ist auch die Frage nach Schuld oder Unschuld &#8211; oder der Schuldf\u00e4higkeit. Bei aller Unterhaltung sind hier auch Denkanst\u00f6\u00dfe gegeben. <\/p>\n<p>Gut durchdacht kreuzen, \u00fcberlagern und finden sich am Ende anf\u00e4nglich getrennte Handlungsstr\u00e4nge zu einem stimmigen Ganzen zusammen. Spannung ist durchaus vorhanden, doch sie leidet meines Erachtens etwas unter der Vorhersehbarkeit eines wichtigen Details. Trotzdem wei\u00df das Buch zu fesseln und so habe ich es auch in einem Rutsch durchgelesen.<\/p>\n<p>Dass Verena Irlenbusch diesen Fall heil \u00fcberstehen wird, ist eigentlich gar keine ernstzunehmende Frage: die Formulierung &#8222;Verena Irlenbusch in ihrem ersten Fall &#8211; smart, cool und hochsensibel&#8220; impliziert praktisch schon weitere B\u00fccher mit dieser sympathischen Ermittlerin. Und ich freue mich schon drauf!<\/p>\n<p><strong>Fazit:<\/strong><br \/>\nEin sehr gut gestrickter Krimi mit emotionalem Hintergrund und lebendig gezeichneten Charakteren &#8211; eine Leseempfehlung f\u00fcr alle, die nicht nur nach Nervenkitzel suchen, sondern auch Wert auf das &#8222;Drumherum&#8220; legen.<\/p>\n<p><strong>Bewertung:<\/strong><br \/>\n4,5 Pfoten<br \/>\n<a href=\"https:\/\/blog.beastybabe.de\/wp-content\/uploads\/2014\/07\/5pfoten.jpg\"><img loading=\"lazy\" decoding=\"async\" src=\"https:\/\/blog.beastybabe.de\/wp-content\/uploads\/2014\/07\/5pfoten-300x45.jpg\" alt=\"5pfoten\" width=\"300\" height=\"45\" class=\"alignnone size-medium wp-image-690\" srcset=\"https:\/\/blog.beastybabe.de\/wp-content\/uploads\/2014\/07\/5pfoten-300x45.jpg 300w, https:\/\/blog.beastybabe.de\/wp-content\/uploads\/2014\/07\/5pfoten-624x95.jpg 624w, https:\/\/blog.beastybabe.de\/wp-content\/uploads\/2014\/07\/5pfoten.jpg 709w\" sizes=\"auto, (max-width: 300px) 100vw, 300px\" \/><\/a><\/p>\n","protected":false},"excerpt":{"rendered":"<p>Taschenbuch: 304 Seiten Verlag: Ullstein Taschenbuch (8. August 2014) Sprache: Deutsch ISBN-10: 3548286100 ISBN-13: 978-3548286105 \u00dcber die Autorin: Elke Pistor, geboren 1967, schreibt Kriminalromane, arbeitet als Seminartrainerin und leitet Schreibworkshops. Sie lebt mit ihrer Familie in der N\u00e4he von K\u00f6ln. &hellip; <a href=\"https:\/\/blog.beastybabe.de\/?p=783\">Weiterlesen <span class=\"meta-nav\">&rarr;<\/span><\/a><\/p>\n","protected":false},"author":1,"featured_media":0,"comment_status":"open","ping_status":"open","sticky":false,"template":"","format":"standard","meta":{"footnotes":""},"categories":[3],"tags":[],"class_list":["post-783","post","type-post","status-publish","format-standard","hentry","category-rezensionen"],"_links":{"self":[{"href":"https:\/\/blog.beastybabe.de\/index.php?rest_route=\/wp\/v2\/posts\/783","targetHints":{"allow":["GET"]}}],"collection":[{"href":"https:\/\/blog.beastybabe.de\/index.php?rest_route=\/wp\/v2\/posts"}],"about":[{"href":"https:\/\/blog.beastybabe.de\/index.php?rest_route=\/wp\/v2\/types\/post"}],"author":[{"embeddable":true,"href":"https:\/\/blog.beastybabe.de\/index.php?rest_route=\/wp\/v2\/users\/1"}],"replies":[{"embeddable":true,"href":"https:\/\/blog.beastybabe.de\/index.php?rest_route=%2Fwp%2Fv2%2Fcomments&post=783"}],"version-history":[{"count":1,"href":"https:\/\/blog.beastybabe.de\/index.php?rest_route=\/wp\/v2\/posts\/783\/revisions"}],"predecessor-version":[{"id":784,"href":"https:\/\/blog.beastybabe.de\/index.php?rest_route=\/wp\/v2\/posts\/783\/revisions\/784"}],"wp:attachment":[{"href":"https:\/\/blog.beastybabe.de\/index.php?rest_route=%2Fwp%2Fv2%2Fmedia&parent=783"}],"wp:term":[{"taxonomy":"category","embeddable":true,"href":"https:\/\/blog.beastybabe.de\/index.php?rest_route=%2Fwp%2Fv2%2Fcategories&post=783"},{"taxonomy":"post_tag","embeddable":true,"href":"https:\/\/blog.beastybabe.de\/index.php?rest_route=%2Fwp%2Fv2%2Ftags&post=783"}],"curies":[{"name":"wp","href":"https:\/\/api.w.org\/{rel}","templated":true}]}}